{"id":1307,"date":"2015-11-19T13:50:21","date_gmt":"2015-11-19T13:50:21","guid":{"rendered":"http:\/\/club-des-ecureuils.fr\/?p=1307"},"modified":"2015-12-18T14:51:56","modified_gmt":"2015-12-18T14:51:56","slug":"la-section-cyclo-a-lheure-du-telethon","status":"publish","type":"post","link":"https:\/\/club-des-ecureuils.fr\/?p=1307","title":{"rendered":"La section cyclo \u00e0 l\u2019heure du T\u00e9l\u00e9thon."},"content":{"rendered":"<p style=\"text-align: center;\"><a href=\"https:\/\/club-des-ecureuils.fr\/wp-content\/uploads\/2015\/08\/DSCF12321.jpg\"><img loading=\"lazy\" decoding=\"async\" class=\"alignnone size-medium wp-image-1238\" src=\"https:\/\/club-des-ecureuils.fr\/wp-content\/uploads\/2015\/08\/DSCF12321-300x204.jpg\" alt=\"T\u00e9l\u00e9thon 2014\" width=\"300\" height=\"204\" srcset=\"https:\/\/club-des-ecureuils.fr\/wp-content\/uploads\/2015\/08\/DSCF12321-300x204.jpg 300w, https:\/\/club-des-ecureuils.fr\/wp-content\/uploads\/2015\/08\/DSCF12321-1024x695.jpg 1024w, https:\/\/club-des-ecureuils.fr\/wp-content\/uploads\/2015\/08\/DSCF12321-100x68.jpg 100w, https:\/\/club-des-ecureuils.fr\/wp-content\/uploads\/2015\/08\/DSCF12321-150x102.jpg 150w, https:\/\/club-des-ecureuils.fr\/wp-content\/uploads\/2015\/08\/DSCF12321-200x136.jpg 200w, https:\/\/club-des-ecureuils.fr\/wp-content\/uploads\/2015\/08\/DSCF12321-450x305.jpg 450w, https:\/\/club-des-ecureuils.fr\/wp-content\/uploads\/2015\/08\/DSCF12321-600x407.jpg 600w, https:\/\/club-des-ecureuils.fr\/wp-content\/uploads\/2015\/08\/DSCF12321-900x611.jpg 900w\" sizes=\"auto, (max-width: 300px) 100vw, 300px\" \/><\/a><\/p>\n<h1 style=\"text-align: center;\"><span style=\"color: #ff0000;\">La section cyclo \u00e0 l\u2019heure du T\u00e9l\u00e9thon<\/span><\/h1>\n<h1 style=\"text-align: center;\"><span style=\"color: #ff0000;\">BILAN<\/span><\/h1>\n<p><strong><em>Impossible d\u2019\u00eatre cuits quand il g\u00e8le\u00a0!<\/em><\/strong><\/p>\n<p>Telle fut la r\u00e9flexion des cyclistes (une centaine) qui s\u2019\u00e9lanc\u00e8rent au petit matin de ce samedi 5 d\u00e9cembre pour une \u00e9dition in\u00e9dite de ce t\u00e9l\u00e9thon 2015.<\/p>\n<p>Plusieurs clubs avaient r\u00e9pondu pr\u00e9sents, avec une mention particuli\u00e8re \u00e0 nos amis bordelais de Chemin Long ainsi que nos voisin de Gujan et Biganos.<\/p>\n<p>Que des copains, et peu manquaient \u00e0 bord.<\/p>\n<p>Leur pr\u00e9sence suffit \u00e0 nous r\u00e9chauffer le c\u0153ur, \u00e0 nous r\u00e9chauffer le corps.<\/p>\n<p>Petite balade sans difficult\u00e9s en sillonnant nos routes de campagne et nos petits villages \u00a0(Le Barp, Salles, Le Teich) pour rejoindre l\u2019hippodrome de La Teste, terme de la balade matinale o\u00f9 la qualit\u00e9 du potage fut particuli\u00e8rement appr\u00e9ci\u00e9e.<\/p>\n<p>On murmura m\u00eame que les responsables de ce succ\u00e8s \u00e9taient condamn\u00e9s \u00e0 r\u00e9cidiver pour 2016.<\/p>\n<p>Sanction s\u00e9v\u00e8re s\u2019il en est\u00a0!<\/p>\n<p>Le retour direct vers Marcheprime s\u2019effectua sans encombre, nos amis motards \u0153uvrant sans pareil pour la s\u00e9curit\u00e9 de tout ce petit monde.<\/p>\n<p>L\u2019abonnement souscrit depuis plusieurs ann\u00e9es aupr\u00e8s de B\u00e9l\u00e9nos ne connut pas de tr\u00eave puisque le soleil \u00e9tait encore au rendez-vous apr\u00e8s la gel\u00e9e du petit matin.<\/p>\n<p>Serait-ce li\u00e9 aux travaux de la COP21\u00a0?<\/p>\n<p>Quoi qu\u2019il en soit, nous allons reconduire le contrat pour les prochaines ann\u00e9es.<\/p>\n<p>Encore merci \u00e0 tous les participants et b\u00e9n\u00e9voles qui ont contribu\u00e9 pleinement \u00e0 la r\u00e9ussite de cette journ\u00e9e.<\/p>\n<p>Et rendez-vous \u00e0 tous pour 2016, qu\u2019on se le dise\u00a0!<\/p>\n<p>&nbsp;<\/p>\n<p><span style=\"color: #ff0000;\"><strong>Quelques chiffres<\/strong><\/span><\/p>\n<p>Vous \u00e9tiez <strong>105<\/strong> \u00e0 p\u00e9daler ( forte participation des clubs de chemin long 33 cyclos et Gujan 17 cyclos)<\/p>\n<p>Vous avez \u00a0particip\u00e9 \u00a0\u00e0 hauteur de <strong>1500 euros<\/strong> \u00e0 l\u2019aide apport\u00e9e \u00e0l\u2019AFM T\u00e9l\u00e9thon.<\/p>\n<p><em>Merci pour tout.<\/em><\/p>\n<p>&nbsp;<\/p>\n<p>&nbsp;<\/p>\n<h1><\/h1>\n","protected":false},"excerpt":{"rendered":"<p>La section cyclo \u00e0 l\u2019heure du T\u00e9l\u00e9thon BILAN Impossible d\u2019\u00eatre cuits quand il g\u00e8le\u00a0! Telle fut la r\u00e9flexion des cyclistes (une centaine) qui s\u2019\u00e9lanc\u00e8rent au petit matin de ce samedi 5 d\u00e9cembre pour une \u00e9dition in\u00e9dite de ce t\u00e9l\u00e9thon 2015. Plusieurs clubs avaient r\u00e9pondu pr\u00e9sents, avec une mention particuli\u00e8re \u00e0 nos amis bordelais de Chemin &hellip; <\/p>\n<p class=\"link-more\"><a href=\"https:\/\/club-des-ecureuils.fr\/?p=1307\" class=\"more-link\">Continuer la lecture<span class=\"screen-reader-text\"> de &laquo;&nbsp;La section cyclo \u00e0 l\u2019heure du T\u00e9l\u00e9thon.&nbsp;&raquo;<\/span><\/a><\/p>\n","protected":false},"author":1,"featured_media":0,"comment_status":"open","ping_status":"open","sticky":false,"template":"","format":"standard","meta":{"footnotes":""},"categories":[9],"tags":[],"class_list":["post-1307","post","type-post","status-publish","format-standard","hentry","category-actualites"],"_links":{"self":[{"href":"https:\/\/club-des-ecureuils.fr\/index.php?rest_route=\/wp\/v2\/posts\/1307","targetHints":{"allow":["GET"]}}],"collection":[{"href":"https:\/\/club-des-ecureuils.fr\/index.php?rest_route=\/wp\/v2\/posts"}],"about":[{"href":"https:\/\/club-des-ecureuils.fr\/index.php?rest_route=\/wp\/v2\/types\/post"}],"author":[{"embeddable":true,"href":"https:\/\/club-des-ecureuils.fr\/index.php?rest_route=\/wp\/v2\/users\/1"}],"replies":[{"embeddable":true,"href":"https:\/\/club-des-ecureuils.fr\/index.php?rest_route=%2Fwp%2Fv2%2Fcomments&post=1307"}],"version-history":[{"count":6,"href":"https:\/\/club-des-ecureuils.fr\/index.php?rest_route=\/wp\/v2\/posts\/1307\/revisions"}],"predecessor-version":[{"id":1475,"href":"https:\/\/club-des-ecureuils.fr\/index.php?rest_route=\/wp\/v2\/posts\/1307\/revisions\/1475"}],"wp:attachment":[{"href":"https:\/\/club-des-ecureuils.fr\/index.php?rest_route=%2Fwp%2Fv2%2Fmedia&parent=1307"}],"wp:term":[{"taxonomy":"category","embeddable":true,"href":"https:\/\/club-des-ecureuils.fr\/index.php?rest_route=%2Fwp%2Fv2%2Fcategories&post=1307"},{"taxonomy":"post_tag","embeddable":true,"href":"https:\/\/club-des-ecureuils.fr\/index.php?rest_route=%2Fwp%2Fv2%2Ftags&post=1307"}],"curies":[{"name":"wp","href":"https:\/\/api.w.org\/{rel}","templated":true}]}}