{"id":2839,"date":"2016-09-05T09:33:04","date_gmt":"2016-09-05T09:33:04","guid":{"rendered":"http:\/\/club-des-ecureuils.fr\/?p=2839"},"modified":"2016-09-28T09:49:55","modified_gmt":"2016-09-28T09:49:55","slug":"1er-troc-sportif-et-culturel-dimanche-02-octobre-2016","status":"publish","type":"post","link":"https:\/\/club-des-ecureuils.fr\/?p=2839","title":{"rendered":"ANNUL\u00c9 &#8211; 1er TROC SPORTIF ET CULTUREL &#8211; ANNUL\u00c9"},"content":{"rendered":"<p style=\"text-align: center;\">Le Club Omnisports et Culturel des \u00c9cureuils<\/p>\n<h2 style=\"text-align: center;\"><span style=\"color: #ff0000;\">Le\u00a0TROC SPORTIF ET CULTUREL<\/span><\/h2>\n<h2 style=\"text-align: center;\"><span style=\"color: #ff0000;\">est\u00a0<\/span><span style=\"color: #ff0000;\">ANNUL\u00c9<\/span><\/h2>\n<p style=\"text-align: center;\">Il sera report\u00e9 \u00e0\u00a0une date ult\u00e9rieure.<\/p>\n<h3 style=\"text-align: center;\"><a href=\"https:\/\/club-des-ecureuils.fr\/wp-content\/uploads\/2016\/09\/Inscription-TROC-2016.pdf\" target=\"_blank\"><strong><img loading=\"lazy\" decoding=\"async\" class=\"aligncenter wp-image-2845\" src=\"https:\/\/club-des-ecureuils.fr\/wp-content\/uploads\/2016\/09\/1er-Troc-Sportif-217x300.jpg\" alt=\"1er Troc Sportif\" width=\"189\" height=\"261\" srcset=\"https:\/\/club-des-ecureuils.fr\/wp-content\/uploads\/2016\/09\/1er-Troc-Sportif-217x300.jpg 217w, https:\/\/club-des-ecureuils.fr\/wp-content\/uploads\/2016\/09\/1er-Troc-Sportif-100x138.jpg 100w, https:\/\/club-des-ecureuils.fr\/wp-content\/uploads\/2016\/09\/1er-Troc-Sportif-150x207.jpg 150w, https:\/\/club-des-ecureuils.fr\/wp-content\/uploads\/2016\/09\/1er-Troc-Sportif-200x276.jpg 200w, https:\/\/club-des-ecureuils.fr\/wp-content\/uploads\/2016\/09\/1er-Troc-Sportif-300x415.jpg 300w, https:\/\/club-des-ecureuils.fr\/wp-content\/uploads\/2016\/09\/1er-Troc-Sportif-450x622.jpg 450w, https:\/\/club-des-ecureuils.fr\/wp-content\/uploads\/2016\/09\/1er-Troc-Sportif.jpg 476w\" sizes=\"auto, (max-width: 189px) 100vw, 189px\" \/><\/strong><\/a><\/h3>\n<p>&nbsp;<\/p>\n<p>&nbsp;<\/p>\n","protected":false},"excerpt":{"rendered":"<p>Le Club Omnisports et Culturel des \u00c9cureuils Le\u00a0TROC SPORTIF ET CULTUREL est\u00a0ANNUL\u00c9 Il sera report\u00e9 \u00e0\u00a0une date ult\u00e9rieure. &nbsp; &nbsp;<\/p>\n","protected":false},"author":1,"featured_media":0,"comment_status":"open","ping_status":"open","sticky":false,"template":"","format":"standard","meta":{"footnotes":""},"categories":[9],"tags":[],"class_list":["post-2839","post","type-post","status-publish","format-standard","hentry","category-actualites"],"_links":{"self":[{"href":"https:\/\/club-des-ecureuils.fr\/index.php?rest_route=\/wp\/v2\/posts\/2839","targetHints":{"allow":["GET"]}}],"collection":[{"href":"https:\/\/club-des-ecureuils.fr\/index.php?rest_route=\/wp\/v2\/posts"}],"about":[{"href":"https:\/\/club-des-ecureuils.fr\/index.php?rest_route=\/wp\/v2\/types\/post"}],"author":[{"embeddable":true,"href":"https:\/\/club-des-ecureuils.fr\/index.php?rest_route=\/wp\/v2\/users\/1"}],"replies":[{"embeddable":true,"href":"https:\/\/club-des-ecureuils.fr\/index.php?rest_route=%2Fwp%2Fv2%2Fcomments&post=2839"}],"version-history":[{"count":9,"href":"https:\/\/club-des-ecureuils.fr\/index.php?rest_route=\/wp\/v2\/posts\/2839\/revisions"}],"predecessor-version":[{"id":2937,"href":"https:\/\/club-des-ecureuils.fr\/index.php?rest_route=\/wp\/v2\/posts\/2839\/revisions\/2937"}],"wp:attachment":[{"href":"https:\/\/club-des-ecureuils.fr\/index.php?rest_route=%2Fwp%2Fv2%2Fmedia&parent=2839"}],"wp:term":[{"taxonomy":"category","embeddable":true,"href":"https:\/\/club-des-ecureuils.fr\/index.php?rest_route=%2Fwp%2Fv2%2Fcategories&post=2839"},{"taxonomy":"post_tag","embeddable":true,"href":"https:\/\/club-des-ecureuils.fr\/index.php?rest_route=%2Fwp%2Fv2%2Ftags&post=2839"}],"curies":[{"name":"wp","href":"https:\/\/api.w.org\/{rel}","templated":true}]}}