{"id":4089,"date":"2019-05-23T13:22:24","date_gmt":"2019-05-23T13:22:24","guid":{"rendered":"http:\/\/club-des-ecureuils.fr\/?p=4089"},"modified":"2019-05-23T13:27:32","modified_gmt":"2019-05-23T13:27:32","slug":"gala-2019","status":"publish","type":"post","link":"https:\/\/club-des-ecureuils.fr\/?p=4089","title":{"rendered":"GALA de Danse 2019"},"content":{"rendered":"\n<h4 class=\"wp-block-heading\"><strong>Comme chaque ann\u00e9e, la section Temps Danse termine sa saison par un Gala de Danse qui se d\u00e9roulera les : Vendredi 14, Samedi 15 et Dimanche 16 Juin.<\/strong><\/h4>\n\n\n\n<h4 class=\"wp-block-heading\"><strong>C&rsquo;est l&rsquo;occasion pour les danseurs de 4 \u00e0 99 ans de se surpasser, de se faire plaisir, de donner le meilleur d&rsquo;eux m\u00eame et d&rsquo;\u00eatre les ambassadeurs de nos professeurs.<\/strong><\/h4>\n\n\n\n<h4 class=\"wp-block-heading\"><strong><br>Cette ann\u00e9e, nous ouvrons ce spectacle au public avec une billetterie en ligne.<\/strong><\/h4>\n\n\n\n<h4 class=\"wp-block-heading\">La billetterie en ligne se trouve ci-dessous :<\/h4>\n\n\n\n<h5 class=\"wp-block-heading\">&#8211; Gala du Vendredi : <a href=\"https:\/\/www.billetweb.fr\/gala-2019-vendredi-14-juin\">https:\/\/www.billetweb.fr\/gala-2019-vendredi-14-juin<\/a><\/h5>\n\n\n\n<h5 class=\"wp-block-heading\">&#8211; Gala du Samedi : <a href=\"https:\/\/www.billetweb.fr\/gala-2019-samedi-15-juin\">https:\/\/www.billetweb.fr\/gala-2019-samedi-15-juin<\/a><\/h5>\n\n\n\n<h5 class=\"wp-block-heading\">&#8211; Gala du Dimanche : <a href=\"https:\/\/www.billetweb.fr\/gala-2019-dimanche-16-juin\">https:\/\/www.billetweb.fr\/gala-2019-dimanche-16-juin<\/a><\/h5>\n\n\n\n<h4 class=\"wp-block-heading\"><strong>&#8212;&#8212;&#8212;&#8212;&#8212;&#8212;&#8212;&#8212;&#8212;&#8212;&#8212;&#8212;&#8212;&#8212;&#8212;<\/strong><\/h4>\n\n\n\n<h4 class=\"wp-block-heading\"><strong>NOUS AVONS H\u00c2TE DE VOUS PR\u00c9SENTER LE TRAVAIL DE CETTE ANN\u00c9E !<br><\/strong><\/h4>\n\n\n\n<h4 class=\"wp-block-heading\"><strong>&#8212;&#8212;&#8212;&#8212;&#8212;&#8212;&#8212;&#8212;&#8212;&#8212;&#8212;&#8212;&#8212;&#8212;&#8212;-<\/strong><\/h4>\n\n\n\n<h5 class=\"wp-block-heading\"><em>N&rsquo;oubliez pas de nous suivre sur Facebook&nbsp;pour avoir toutes les actualit\u00e9s (changement de salle, annulation de cours, etc) !&nbsp;<a href=\"https:\/\/www.facebook.com\/tempsdansemarcheprime\/\">Temps danse club des \u00e9cureuils&nbsp;<\/a>&nbsp;<\/em><\/h5>\n\n\n\n<p><\/p>\n","protected":false},"excerpt":{"rendered":"<p>Comme chaque ann\u00e9e, la section Temps Danse termine sa saison par un Gala de Danse qui se d\u00e9roulera les : Vendredi 14, Samedi 15 et Dimanche 16 Juin. C&rsquo;est l&rsquo;occasion pour les danseurs de 4 \u00e0 99 ans de se surpasser, de se faire plaisir, de donner le meilleur d&rsquo;eux m\u00eame et d&rsquo;\u00eatre les ambassadeurs &hellip; <\/p>\n<p class=\"link-more\"><a href=\"https:\/\/club-des-ecureuils.fr\/?p=4089\" class=\"more-link\">Continuer la lecture<span class=\"screen-reader-text\"> de &laquo;&nbsp;GALA de Danse 2019&nbsp;&raquo;<\/span><\/a><\/p>\n","protected":false},"author":1,"featured_media":0,"comment_status":"closed","ping_status":"closed","sticky":false,"template":"","format":"standard","meta":{"footnotes":""},"categories":[9],"tags":[],"class_list":["post-4089","post","type-post","status-publish","format-standard","hentry","category-actualites"],"_links":{"self":[{"href":"https:\/\/club-des-ecureuils.fr\/index.php?rest_route=\/wp\/v2\/posts\/4089","targetHints":{"allow":["GET"]}}],"collection":[{"href":"https:\/\/club-des-ecureuils.fr\/index.php?rest_route=\/wp\/v2\/posts"}],"about":[{"href":"https:\/\/club-des-ecureuils.fr\/index.php?rest_route=\/wp\/v2\/types\/post"}],"author":[{"embeddable":true,"href":"https:\/\/club-des-ecureuils.fr\/index.php?rest_route=\/wp\/v2\/users\/1"}],"replies":[{"embeddable":true,"href":"https:\/\/club-des-ecureuils.fr\/index.php?rest_route=%2Fwp%2Fv2%2Fcomments&post=4089"}],"version-history":[{"count":4,"href":"https:\/\/club-des-ecureuils.fr\/index.php?rest_route=\/wp\/v2\/posts\/4089\/revisions"}],"predecessor-version":[{"id":4104,"href":"https:\/\/club-des-ecureuils.fr\/index.php?rest_route=\/wp\/v2\/posts\/4089\/revisions\/4104"}],"wp:attachment":[{"href":"https:\/\/club-des-ecureuils.fr\/index.php?rest_route=%2Fwp%2Fv2%2Fmedia&parent=4089"}],"wp:term":[{"taxonomy":"category","embeddable":true,"href":"https:\/\/club-des-ecureuils.fr\/index.php?rest_route=%2Fwp%2Fv2%2Fcategories&post=4089"},{"taxonomy":"post_tag","embeddable":true,"href":"https:\/\/club-des-ecureuils.fr\/index.php?rest_route=%2Fwp%2Fv2%2Ftags&post=4089"}],"curies":[{"name":"wp","href":"https:\/\/api.w.org\/{rel}","templated":true}]}}